{"id":4094,"date":"2017-10-12T11:02:32","date_gmt":"2017-10-12T09:02:32","guid":{"rendered":"https:\/\/www.orderbird.com\/blog\/?p=4094"},"modified":"2025-01-09T15:07:52","modified_gmt":"2025-01-09T14:07:52","slug":"mark-schoen-co-president-dorderbird","status":"publish","type":"post","link":"https:\/\/www.orderbird.fr\/blog\/mark-schoen-co-president-dorderbird\/","title":{"rendered":"Mark Schoen devient Co-pr\u00e9sident d&#8217;orderbird"},"content":{"rendered":"<span class=\"cb-itemprop\" itemprop=\"reviewBody\"><p><em>L\u2019exp\u00e9rience de Mark, ancien Vice-pr\u00e9sident de NCR, associ\u00e9e \u00e0 son r\u00f4le d\u00e9terminant aupr\u00e8s des gestionnaires de restaurants &#8211; des multinationales aux petites structures &#8211; renforceront les capacit\u00e9s d\u2019innovation et la dynamique de croissance d&#8217;orderbird.<\/em><!--more--><\/p>\n<p>Nous renfor\u00e7ons notre comit\u00e9 ex\u00e9cutif et annon\u00e7ons aujourd\u2019hui la nomination de Mark Schoen en tant que Co-pr\u00e9sident. Ce poste a \u00e9t\u00e9 cr\u00e9e pour soutenir le d\u00e9veloppement d\u2019orderbird en Europe. Mark Schoen est bas\u00e9 \u00e0 Berlin au si\u00e8ge et aura sous sa responsabilit\u00e9 le d\u00e9veloppement op\u00e9rationnel, la gestion produits, le d\u00e9veloppement logiciel et le pilotage de la croissance de l\u2019entreprise conjointement au fondateur et actuel Pr\u00e9sident Directeur G\u00e9n\u00e9ral, Jakob Schreyer.<\/p>\n<h2><span style=\"color: #00a3e0;\">Une carri\u00e8re remarquable<\/span><\/h2>\n<p>Mark apporte une exp\u00e9rience de plus de 25 ans dans les domaines du management, du d\u00e9veloppement technologique et du leadership organisationnel dans le secteur CHR et retail, acquise \u00e0 des postes \u00e0 hautes responsabilit\u00e9 au sein d\u2019entreprises telles que Radiant Systems, Orderman et NCR Corporation.<\/p>\n<p>Mark a pass\u00e9 plus de 15 ans au sein du groupe Radiant Systems Inc., fournisseur technologique pour l\u2019industrie du CHR et du Retail (clients KFC, 7-Eleven, Burger King, etc.) en tant que Pr\u00e9sident de Division et Directeur G\u00e9n\u00e9ral, acc\u00e9l\u00e9rant la croissance et la profitabilit\u00e9 de l\u2019entreprise en Europe, Asie, Australie et au Moyen-Orient. En 2009, il reprend parall\u00e8lement et pendant trois ans, la direction d\u2019Orderman, filiale autrichienne de Radiant, lan\u00e7ant avec succ\u00e8s le terminal pour points de vente Columbus et ses services additionnels tout en faisant fortement progresser les ventes des appareils portables pour la prise de commande.<\/p>\n<p>Apr\u00e8s l\u2019acquisition de Radiant Systems par NCR Corporation en 2011, Mark y est promu Vice- Pr\u00e9sident du D\u00e9veloppement commercial pour la division CHR se consacrant aux \u00e9cosyst\u00e8mes de partenaires et \u00e0 l\u2019ensemble des activit\u00e9s li\u00e9es \u00e0 l\u2019acquisition.<\/p>\n<p>Depuis 2013, Mark accompagne les startups technologiques (IoT, Fintech, m\u00e9dias sociaux, etc,) dans la d\u00e9finition de leur strat\u00e9gie de d\u00e9veloppement, de valorisation financi\u00e8re et de gestion technologique, dont <a href=\"https:\/\/www.orderbird.com\/fr\/\" target=\"_blank\" rel=\"noopener\">orderbird<\/a>.<\/p>\n<h2><span style=\"color: #00a3e0;\">Le futur<\/span><\/h2>\n<p>\u00ab\u00a0Je souhaite ajouter \u00e0 la culture dynamique d\u2019orderbird mon exp\u00e9rience de la transformation strat\u00e9gique et organisationnelle d\u2019une entreprise, depuis un petit fournisseur technologique \u00e0 une organisation structur\u00e9e et mature\u00a0\u00bb, d\u00e9clare Mark. \u00ab\u00a0Notre vision est de donner la possibilit\u00e9 aux petits gestionnaires de restaurants de tirer des avantages tangibles de la digitalisation de leurs activit\u00e9s. orderbird a d\u00e9j\u00e0 prouv\u00e9 son statut d\u2019entreprise innovante et audacieuse tourn\u00e9e vers le progr\u00e8s. Aujourd\u2019hui, nous souhaitons donner encore plus de valeur \u00e0 nos clients.\u00a0\u00bb<\/p>\n<p>\u00ab\u00a0orderbird a fortement \u00e9volu\u00e9 au cours de ces derni\u00e8res ann\u00e9es. Nous souhaitons aujourd\u2019hui franchir une nouvelle \u00e9tape et augmenter notre rayonnement strat\u00e9gique avec l\u2019aide de l\u2019exp\u00e9rience de Mark, son leadership dynamique et ses connaissances du march\u00e9.\u00a0\u00bb ajoute Jakob Schreyer, PDG et fondateur d\u2019orderbird. \u00ab\u00a0Nous sommes actuellement dans une phase de transition tr\u00e8s stimulante visant \u00e0 faire \u00e9voluer notre caisse enregistreuse sur iPad en un assortiment de services utiles tourn\u00e9s vers le futur. La connaissance approfondie de l\u2019industrie CHR de Mark et des syst\u00e8mes de points de ventes associ\u00e9s vont ind\u00e9niablement nous permettre d\u2019acc\u00e9l\u00e9rer notre d\u00e9veloppement technologique.\u00a0\u00bb<\/p>\n<p>La croissance de l\u2019entreprise sera \u00e9galement port\u00e9e par Patrick Brienen, co-fondateur et Directeur des Ventes et Thomas K\u00f6hl, Directeur Op\u00e9rationnel et investisseur initial, tous deux membres du comit\u00e9 ex\u00e9cutif.<\/p>\n<\/span>","protected":false},"excerpt":{"rendered":"<p>L\u2019exp\u00e9rience de Mark, ancien Vice-pr\u00e9sident de NCR, associ\u00e9e \u00e0 son r\u00f4le d\u00e9terminant aupr\u00e8s des gestionnaires de restaurants &#8211; des multinationales aux petites structures &#8211; renforceront les capacit\u00e9s d\u2019innovation et la dynamique de croissance d&#8217;orderbird.<\/p>\n","protected":false},"author":109,"featured_media":4095,"comment_status":"open","ping_status":"open","sticky":false,"template":"","format":"standard","meta":{"footnotes":""},"categories":[1331],"tags":[],"class_list":{"0":"post-4094","1":"post","2":"type-post","3":"status-publish","4":"format-standard","5":"has-post-thumbnail","7":"category-orderbird-insights-fr"},"yoast_head":"<!-- This site is optimized with the Yoast SEO plugin v23.8 - https:\/\/yoast.com\/wordpress\/plugins\/seo\/ -->\n<title>Mark Schoen devient Co-pr\u00e9sident d&#039;orderbird - orderbird-Blog<\/title>\n<meta name=\"description\" content=\"L\u2019exp\u00e9rience de Mark Schoen, ancien Vice-pr\u00e9sident de NCR, associ\u00e9e \u00e0 son r\u00f4le d\u00e9terminant aupr\u00e8s des gestionnaires de restaurants.\" \/>\n<meta name=\"robots\" content=\"index, follow, max-snippet:-1, max-image-preview:large, max-video-preview:-1\" \/>\n<link rel=\"canonical\" href=\"https:\/\/www.orderbird.fr\/blog\/mark-schoen-co-president-dorderbird\/\" \/>\n<meta property=\"og:locale\" content=\"en_US\" \/>\n<meta property=\"og:type\" content=\"article\" \/>\n<meta property=\"og:title\" content=\"Mark Schoen devient Co-pr\u00e9sident d&#039;orderbird - orderbird-Blog\" \/>\n<meta property=\"og:description\" content=\"L\u2019exp\u00e9rience de Mark Schoen, ancien Vice-pr\u00e9sident de NCR, associ\u00e9e \u00e0 son r\u00f4le d\u00e9terminant aupr\u00e8s des gestionnaires de restaurants.\" \/>\n<meta property=\"og:url\" content=\"https:\/\/www.orderbird.fr\/blog\/mark-schoen-co-president-dorderbird\/\" \/>\n<meta property=\"og:site_name\" content=\"orderbird Blog \u2013 Echtes Branchen-Wissen\" \/>\n<meta property=\"article:published_time\" content=\"2017-10-12T09:02:32+00:00\" \/>\n<meta property=\"article:modified_time\" content=\"2025-01-09T14:07:52+00:00\" \/>\n<meta property=\"og:image\" content=\"https:\/\/www.orderbird.com\/blog\/wp-content\/uploads\/2017\/10\/mark-schoen-orderbird-web.png\" \/>\n\t<meta property=\"og:image:width\" content=\"2000\" \/>\n\t<meta property=\"og:image:height\" content=\"1334\" \/>\n\t<meta property=\"og:image:type\" content=\"image\/png\" \/>\n<meta name=\"author\" content=\"Markus Bartsch\" \/>\n<meta name=\"twitter:card\" content=\"summary_large_image\" \/>\n<meta name=\"twitter:label1\" content=\"Written by\" \/>\n\t<meta name=\"twitter:data1\" content=\"Markus Bartsch\" \/>\n\t<meta name=\"twitter:label2\" content=\"Est. reading time\" \/>\n\t<meta name=\"twitter:data2\" content=\"3 minutes\" \/>\n<script type=\"application\/ld+json\" class=\"yoast-schema-graph\">{\"@context\":\"https:\/\/schema.org\",\"@graph\":[{\"@type\":\"Article\",\"@id\":\"https:\/\/www.orderbird.fr\/blog\/mark-schoen-co-president-dorderbird\/#article\",\"isPartOf\":{\"@id\":\"https:\/\/www.orderbird.fr\/blog\/mark-schoen-co-president-dorderbird\/\"},\"author\":{\"name\":\"Markus Bartsch\",\"@id\":\"https:\/\/www.orderbird.fr\/blog\/#\/schema\/person\/57cfe4c694f01a60413e036ca4595da5\"},\"headline\":\"Mark Schoen devient Co-pr\u00e9sident d&#8217;orderbird\",\"datePublished\":\"2017-10-12T09:02:32+00:00\",\"dateModified\":\"2025-01-09T14:07:52+00:00\",\"mainEntityOfPage\":{\"@id\":\"https:\/\/www.orderbird.fr\/blog\/mark-schoen-co-president-dorderbird\/\"},\"wordCount\":601,\"commentCount\":0,\"publisher\":{\"@id\":\"https:\/\/www.orderbird.fr\/blog\/#organization\"},\"image\":{\"@id\":\"https:\/\/www.orderbird.fr\/blog\/mark-schoen-co-president-dorderbird\/#primaryimage\"},\"thumbnailUrl\":\"https:\/\/www.orderbird.fr\/blog\/wp-content\/uploads\/2017\/10\/mark-schoen-orderbird-web.png\",\"articleSection\":[\"orderbird-insights\"],\"inLanguage\":\"en-US\",\"potentialAction\":[{\"@type\":\"CommentAction\",\"name\":\"Comment\",\"target\":[\"https:\/\/www.orderbird.fr\/blog\/mark-schoen-co-president-dorderbird\/#respond\"]}]},{\"@type\":\"WebPage\",\"@id\":\"https:\/\/www.orderbird.fr\/blog\/mark-schoen-co-president-dorderbird\/\",\"url\":\"https:\/\/www.orderbird.fr\/blog\/mark-schoen-co-president-dorderbird\/\",\"name\":\"Mark Schoen devient Co-pr\u00e9sident d'orderbird - orderbird-Blog\",\"isPartOf\":{\"@id\":\"https:\/\/www.orderbird.fr\/blog\/#website\"},\"primaryImageOfPage\":{\"@id\":\"https:\/\/www.orderbird.fr\/blog\/mark-schoen-co-president-dorderbird\/#primaryimage\"},\"image\":{\"@id\":\"https:\/\/www.orderbird.fr\/blog\/mark-schoen-co-president-dorderbird\/#primaryimage\"},\"thumbnailUrl\":\"https:\/\/www.orderbird.fr\/blog\/wp-content\/uploads\/2017\/10\/mark-schoen-orderbird-web.png\",\"datePublished\":\"2017-10-12T09:02:32+00:00\",\"dateModified\":\"2025-01-09T14:07:52+00:00\",\"description\":\"L\u2019exp\u00e9rience de Mark Schoen, ancien Vice-pr\u00e9sident de NCR, associ\u00e9e \u00e0 son r\u00f4le d\u00e9terminant aupr\u00e8s des gestionnaires de restaurants.\",\"breadcrumb\":{\"@id\":\"https:\/\/www.orderbird.fr\/blog\/mark-schoen-co-president-dorderbird\/#breadcrumb\"},\"inLanguage\":\"en-US\",\"potentialAction\":[{\"@type\":\"ReadAction\",\"target\":[\"https:\/\/www.orderbird.fr\/blog\/mark-schoen-co-president-dorderbird\/\"]}]},{\"@type\":\"ImageObject\",\"inLanguage\":\"en-US\",\"@id\":\"https:\/\/www.orderbird.fr\/blog\/mark-schoen-co-president-dorderbird\/#primaryimage\",\"url\":\"https:\/\/www.orderbird.fr\/blog\/wp-content\/uploads\/2017\/10\/mark-schoen-orderbird-web.png\",\"contentUrl\":\"https:\/\/www.orderbird.fr\/blog\/wp-content\/uploads\/2017\/10\/mark-schoen-orderbird-web.png\",\"width\":2000,\"height\":1334,\"caption\":\"Le CEO d'orderbird, Mark Schoen\"},{\"@type\":\"BreadcrumbList\",\"@id\":\"https:\/\/www.orderbird.fr\/blog\/mark-schoen-co-president-dorderbird\/#breadcrumb\",\"itemListElement\":[{\"@type\":\"ListItem\",\"position\":1,\"name\":\"Home\",\"item\":\"https:\/\/www.orderbird.com\/blog\/\"},{\"@type\":\"ListItem\",\"position\":2,\"name\":\"Mark Schoen devient Co-pr\u00e9sident d&#8217;orderbird\"}]},{\"@type\":\"WebSite\",\"@id\":\"https:\/\/www.orderbird.fr\/blog\/#website\",\"url\":\"https:\/\/www.orderbird.fr\/blog\/\",\"name\":\"orderbird Blog \u2013 Echtes Branchen-Wissen\",\"description\":\"Der Blog f\u00fcr alle Unternehmer mit Wissen zu Trends, Steuern, Gr\u00fcndung und vielem mehr\",\"publisher\":{\"@id\":\"https:\/\/www.orderbird.fr\/blog\/#organization\"},\"potentialAction\":[{\"@type\":\"SearchAction\",\"target\":{\"@type\":\"EntryPoint\",\"urlTemplate\":\"https:\/\/www.orderbird.fr\/blog\/?s={search_term_string}\"},\"query-input\":{\"@type\":\"PropertyValueSpecification\",\"valueRequired\":true,\"valueName\":\"search_term_string\"}}],\"inLanguage\":\"en-US\"},{\"@type\":\"Organization\",\"@id\":\"https:\/\/www.orderbird.fr\/blog\/#organization\",\"name\":\"orderbird\",\"url\":\"https:\/\/www.orderbird.fr\/blog\/\",\"logo\":{\"@type\":\"ImageObject\",\"inLanguage\":\"en-US\",\"@id\":\"https:\/\/www.orderbird.fr\/blog\/#\/schema\/logo\/image\/\",\"url\":\"https:\/\/www.orderbird.com\/blog\/wp-content\/uploads\/2017\/06\/orderbird_logo_auf_weiss.jpg\",\"contentUrl\":\"https:\/\/www.orderbird.com\/blog\/wp-content\/uploads\/2017\/06\/orderbird_logo_auf_weiss.jpg\",\"width\":2480,\"height\":1417,\"caption\":\"orderbird\"},\"image\":{\"@id\":\"https:\/\/www.orderbird.fr\/blog\/#\/schema\/logo\/image\/\"}},{\"@type\":\"Person\",\"@id\":\"https:\/\/www.orderbird.fr\/blog\/#\/schema\/person\/57cfe4c694f01a60413e036ca4595da5\",\"name\":\"Markus Bartsch\",\"image\":{\"@type\":\"ImageObject\",\"inLanguage\":\"en-US\",\"@id\":\"https:\/\/www.orderbird.fr\/blog\/#\/schema\/person\/image\/\",\"url\":\"https:\/\/secure.gravatar.com\/avatar\/2d3b9174d67d553101911b930a54ea09?s=96&d=mm&r=pg\",\"contentUrl\":\"https:\/\/secure.gravatar.com\/avatar\/2d3b9174d67d553101911b930a54ea09?s=96&d=mm&r=pg\",\"caption\":\"Markus Bartsch\"},\"description\":\"Markus findet, es wird den Gastronomen zu schwer gemacht. Guter Service und die Qualit\u00e4t machen f\u00fcr ihn den Unterschied. Sein Ziel ist es, Gastronomen mit gut recherchiertem Wissen weiterzuhelfen.\",\"sameAs\":[\"https:\/\/www.linkedin.com\/in\/markusbartsch\/\"],\"url\":\"https:\/\/www.orderbird.fr\/blog\/author\/markus-bartschorderbird-com\/\"}]}<\/script>\n<!-- \/ Yoast SEO plugin. -->","yoast_head_json":{"title":"Mark Schoen devient Co-pr\u00e9sident d'orderbird - orderbird-Blog","description":"L\u2019exp\u00e9rience de Mark Schoen, ancien Vice-pr\u00e9sident de NCR, associ\u00e9e \u00e0 son r\u00f4le d\u00e9terminant aupr\u00e8s des gestionnaires de restaurants.","robots":{"index":"index","follow":"follow","max-snippet":"max-snippet:-1","max-image-preview":"max-image-preview:large","max-video-preview":"max-video-preview:-1"},"canonical":"https:\/\/www.orderbird.fr\/blog\/mark-schoen-co-president-dorderbird\/","og_locale":"en_US","og_type":"article","og_title":"Mark Schoen devient Co-pr\u00e9sident d'orderbird - orderbird-Blog","og_description":"L\u2019exp\u00e9rience de Mark Schoen, ancien Vice-pr\u00e9sident de NCR, associ\u00e9e \u00e0 son r\u00f4le d\u00e9terminant aupr\u00e8s des gestionnaires de restaurants.","og_url":"https:\/\/www.orderbird.fr\/blog\/mark-schoen-co-president-dorderbird\/","og_site_name":"orderbird Blog \u2013 Echtes Branchen-Wissen","article_published_time":"2017-10-12T09:02:32+00:00","article_modified_time":"2025-01-09T14:07:52+00:00","og_image":[{"width":2000,"height":1334,"url":"https:\/\/www.orderbird.com\/blog\/wp-content\/uploads\/2017\/10\/mark-schoen-orderbird-web.png","type":"image\/png"}],"author":"Markus Bartsch","twitter_card":"summary_large_image","twitter_misc":{"Written by":"Markus Bartsch","Est. reading time":"3 minutes"},"schema":{"@context":"https:\/\/schema.org","@graph":[{"@type":"Article","@id":"https:\/\/www.orderbird.fr\/blog\/mark-schoen-co-president-dorderbird\/#article","isPartOf":{"@id":"https:\/\/www.orderbird.fr\/blog\/mark-schoen-co-president-dorderbird\/"},"author":{"name":"Markus Bartsch","@id":"https:\/\/www.orderbird.fr\/blog\/#\/schema\/person\/57cfe4c694f01a60413e036ca4595da5"},"headline":"Mark Schoen devient Co-pr\u00e9sident d&#8217;orderbird","datePublished":"2017-10-12T09:02:32+00:00","dateModified":"2025-01-09T14:07:52+00:00","mainEntityOfPage":{"@id":"https:\/\/www.orderbird.fr\/blog\/mark-schoen-co-president-dorderbird\/"},"wordCount":601,"commentCount":0,"publisher":{"@id":"https:\/\/www.orderbird.fr\/blog\/#organization"},"image":{"@id":"https:\/\/www.orderbird.fr\/blog\/mark-schoen-co-president-dorderbird\/#primaryimage"},"thumbnailUrl":"https:\/\/www.orderbird.fr\/blog\/wp-content\/uploads\/2017\/10\/mark-schoen-orderbird-web.png","articleSection":["orderbird-insights"],"inLanguage":"en-US","potentialAction":[{"@type":"CommentAction","name":"Comment","target":["https:\/\/www.orderbird.fr\/blog\/mark-schoen-co-president-dorderbird\/#respond"]}]},{"@type":"WebPage","@id":"https:\/\/www.orderbird.fr\/blog\/mark-schoen-co-president-dorderbird\/","url":"https:\/\/www.orderbird.fr\/blog\/mark-schoen-co-president-dorderbird\/","name":"Mark Schoen devient Co-pr\u00e9sident d'orderbird - orderbird-Blog","isPartOf":{"@id":"https:\/\/www.orderbird.fr\/blog\/#website"},"primaryImageOfPage":{"@id":"https:\/\/www.orderbird.fr\/blog\/mark-schoen-co-president-dorderbird\/#primaryimage"},"image":{"@id":"https:\/\/www.orderbird.fr\/blog\/mark-schoen-co-president-dorderbird\/#primaryimage"},"thumbnailUrl":"https:\/\/www.orderbird.fr\/blog\/wp-content\/uploads\/2017\/10\/mark-schoen-orderbird-web.png","datePublished":"2017-10-12T09:02:32+00:00","dateModified":"2025-01-09T14:07:52+00:00","description":"L\u2019exp\u00e9rience de Mark Schoen, ancien Vice-pr\u00e9sident de NCR, associ\u00e9e \u00e0 son r\u00f4le d\u00e9terminant aupr\u00e8s des gestionnaires de restaurants.","breadcrumb":{"@id":"https:\/\/www.orderbird.fr\/blog\/mark-schoen-co-president-dorderbird\/#breadcrumb"},"inLanguage":"en-US","potentialAction":[{"@type":"ReadAction","target":["https:\/\/www.orderbird.fr\/blog\/mark-schoen-co-president-dorderbird\/"]}]},{"@type":"ImageObject","inLanguage":"en-US","@id":"https:\/\/www.orderbird.fr\/blog\/mark-schoen-co-president-dorderbird\/#primaryimage","url":"https:\/\/www.orderbird.fr\/blog\/wp-content\/uploads\/2017\/10\/mark-schoen-orderbird-web.png","contentUrl":"https:\/\/www.orderbird.fr\/blog\/wp-content\/uploads\/2017\/10\/mark-schoen-orderbird-web.png","width":2000,"height":1334,"caption":"Le CEO d'orderbird, Mark Schoen"},{"@type":"BreadcrumbList","@id":"https:\/\/www.orderbird.fr\/blog\/mark-schoen-co-president-dorderbird\/#breadcrumb","itemListElement":[{"@type":"ListItem","position":1,"name":"Home","item":"https:\/\/www.orderbird.com\/blog\/"},{"@type":"ListItem","position":2,"name":"Mark Schoen devient Co-pr\u00e9sident d&#8217;orderbird"}]},{"@type":"WebSite","@id":"https:\/\/www.orderbird.fr\/blog\/#website","url":"https:\/\/www.orderbird.fr\/blog\/","name":"orderbird Blog \u2013 Echtes Branchen-Wissen","description":"Der Blog f\u00fcr alle Unternehmer mit Wissen zu Trends, Steuern, Gr\u00fcndung und vielem mehr","publisher":{"@id":"https:\/\/www.orderbird.fr\/blog\/#organization"},"potentialAction":[{"@type":"SearchAction","target":{"@type":"EntryPoint","urlTemplate":"https:\/\/www.orderbird.fr\/blog\/?s={search_term_string}"},"query-input":{"@type":"PropertyValueSpecification","valueRequired":true,"valueName":"search_term_string"}}],"inLanguage":"en-US"},{"@type":"Organization","@id":"https:\/\/www.orderbird.fr\/blog\/#organization","name":"orderbird","url":"https:\/\/www.orderbird.fr\/blog\/","logo":{"@type":"ImageObject","inLanguage":"en-US","@id":"https:\/\/www.orderbird.fr\/blog\/#\/schema\/logo\/image\/","url":"https:\/\/www.orderbird.com\/blog\/wp-content\/uploads\/2017\/06\/orderbird_logo_auf_weiss.jpg","contentUrl":"https:\/\/www.orderbird.com\/blog\/wp-content\/uploads\/2017\/06\/orderbird_logo_auf_weiss.jpg","width":2480,"height":1417,"caption":"orderbird"},"image":{"@id":"https:\/\/www.orderbird.fr\/blog\/#\/schema\/logo\/image\/"}},{"@type":"Person","@id":"https:\/\/www.orderbird.fr\/blog\/#\/schema\/person\/57cfe4c694f01a60413e036ca4595da5","name":"Markus Bartsch","image":{"@type":"ImageObject","inLanguage":"en-US","@id":"https:\/\/www.orderbird.fr\/blog\/#\/schema\/person\/image\/","url":"https:\/\/secure.gravatar.com\/avatar\/2d3b9174d67d553101911b930a54ea09?s=96&d=mm&r=pg","contentUrl":"https:\/\/secure.gravatar.com\/avatar\/2d3b9174d67d553101911b930a54ea09?s=96&d=mm&r=pg","caption":"Markus Bartsch"},"description":"Markus findet, es wird den Gastronomen zu schwer gemacht. Guter Service und die Qualit\u00e4t machen f\u00fcr ihn den Unterschied. Sein Ziel ist es, Gastronomen mit gut recherchiertem Wissen weiterzuhelfen.","sameAs":["https:\/\/www.linkedin.com\/in\/markusbartsch\/"],"url":"https:\/\/www.orderbird.fr\/blog\/author\/markus-bartschorderbird-com\/"}]}},"jetpack_featured_media_url":"https:\/\/www.orderbird.fr\/blog\/wp-content\/uploads\/2017\/10\/mark-schoen-orderbird-web.png","_links":{"self":[{"href":"https:\/\/www.orderbird.fr\/blog\/wp-json\/wp\/v2\/posts\/4094"}],"collection":[{"href":"https:\/\/www.orderbird.fr\/blog\/wp-json\/wp\/v2\/posts"}],"about":[{"href":"https:\/\/www.orderbird.fr\/blog\/wp-json\/wp\/v2\/types\/post"}],"author":[{"embeddable":true,"href":"https:\/\/www.orderbird.fr\/blog\/wp-json\/wp\/v2\/users\/109"}],"replies":[{"embeddable":true,"href":"https:\/\/www.orderbird.fr\/blog\/wp-json\/wp\/v2\/comments?post=4094"}],"version-history":[{"count":10,"href":"https:\/\/www.orderbird.fr\/blog\/wp-json\/wp\/v2\/posts\/4094\/revisions"}],"predecessor-version":[{"id":9677,"href":"https:\/\/www.orderbird.fr\/blog\/wp-json\/wp\/v2\/posts\/4094\/revisions\/9677"}],"wp:featuredmedia":[{"embeddable":true,"href":"https:\/\/www.orderbird.fr\/blog\/wp-json\/wp\/v2\/media\/4095"}],"wp:attachment":[{"href":"https:\/\/www.orderbird.fr\/blog\/wp-json\/wp\/v2\/media?parent=4094"}],"wp:term":[{"taxonomy":"category","embeddable":true,"href":"https:\/\/www.orderbird.fr\/blog\/wp-json\/wp\/v2\/categories?post=4094"},{"taxonomy":"post_tag","embeddable":true,"href":"https:\/\/www.orderbird.fr\/blog\/wp-json\/wp\/v2\/tags?post=4094"}],"curies":[{"name":"wp","href":"https:\/\/api.w.org\/{rel}","templated":true}]}}